{"id":6006,"date":"2019-07-18T13:44:53","date_gmt":"2019-07-18T13:44:53","guid":{"rendered":"https:\/\/mazzoleniart.com\/?p=6006"},"modified":"2023-09-06T16:01:52","modified_gmt":"2023-09-06T16:01:52","slug":"dalla-terra-alla-luna-in-scena-a-palazzo-madama-torino","status":"publish","type":"post","link":"https:\/\/mazzoleniart.com\/it\/dalla-terra-alla-luna-in-scena-a-palazzo-madama-torino\/","title":{"rendered":"Dalla Terra alla Luna in scena a Palazzo Madama, Torino"},"content":{"rendered":"<div class=\"page\" title=\"Page 1\">\n<div class=\"section\">\n<div class=\"layoutArea\">\n<div class=\"column\">\n<p>A cinquant\u2019anni esatti dallo sbarco del primo uomo sulla Luna, Palazzo Madama presenta dal 19 luglio all\u201911 novembre la mostra <em>Dalla Terra alla Luna<\/em>, a cura di Luca Beatrice e Marco Bazzini, realizzata in collaborazione tra Palazzo Madama &#8211; Museo Civicod\u2019Arte Antica e GAM &#8211; Galleria Civica d\u2019Arte Moderna e Contemporanea di Torino, con il contributo della Regione Piemonte.\u00a0In mostra oltre 60 opere: dipinti, sculture, fotografie, disegni e oggetti di design, che raccontano l\u2019influenza dell\u2019astro d\u2019argento sull\u2019arte e sugli artisti dall\u2019Ottocento al 1969.<br \/>\n\u00c8 passato mezzo secolo da quando l\u2019uomo \u00e8 arrivato\u00a0sulla Luna: un obiettivo fondamentale, per certi versi incredibile, inseguito fin dall\u2019antichit\u00e0. Traguardo, sogno, missione impossibile, eppure anche fiducia nel progresso e nel futuro.<br \/>\nLa Luna \u00e8 infatti il corpo celeste che pi\u00f9 di ogni altro ha da sempre ispirato grandi avventure, esplorazioni fantastiche e letterarie, che vanno da Luciano di Samosata a Dante, da Ariosto a Leopardi, da Verne a Calvino. Nel 1865 esce il libro di Jules Verne, <em>Dalla Terra alla Luna<\/em>, che d\u00e0 il titolo alla mostra: uno dei pi\u00f9 famosi resoconti di viaggio immaginario verso la Luna. Da allora si sono diffusi libri, romanzi, fumetti, giocattoli e gadget che hanno come soggetto l\u2019astro d\u2019argento.<\/p>\n<p>\u00c8 a partire dall\u2019Ottocento che nell\u2019arte prende piede il tema del viaggio lunare, intrecciandosi con tematiche di esotismo, di progresso delle nazioni, di colonialismo anche se, per il momento, la Luna resta un luogo raggiungibile soltanto con la fantasia. I pittori romantici, in particolare, interpretando lo sguardo melanconico e sognante dell\u2019uomo di fronte al mistero, declinano il tema del chiaro di luna, e tra questi i piemontesi De Gubernatis, Bagetti e Carutti di Cantogno con il dipinto del 1911 Sorge la luna.<br \/>\nDopo questo esordio, la mostra prosegue proponendo opere delle avanguardie storiche: le atmosfere fiabesche di Marc Chagall, la metafisica rigorosa di Felice Casorati, la calligrafia minuziosa di Paul Klee, il surrealismo di Max Ernst e Alexander Calder.<br \/>\nNella seconda parte del Novecento \u00e8 invece lo spazio a rappresentare una vera e propria ossessionenell\u2019arte: guardare oltre, toccare altre superfici, immaginare qualcosa di pi\u00f9 lontano da noi. Non a caso si intitolano <em>Concetto spaziale<\/em> i lavori pi\u00f9 famosi di Lucio Fontana. Giulio Turcato, invece, definisce <em>Superfici lunari<\/em> i suoi monocromi prodotti con materiali anomali, mentre Robert Rauschenberg realizza la serie di multipli <em>Stoned Moon<\/em> nel 1968 in prossimit\u00e0 dell\u2019allunaggio e Mario Schifano ne riporta la visione, in chiave pop, attraverso la televisione, con <em>Paesaggi TV<\/em>.<br \/>\nIn mostra, oltre ad altri autori pi\u00f9 importanti come Yves Klein, il pittore simbolista Karl Wilhelm Diefenbach, Emilio Isgr\u00f2, Arturo Nathan e il concettuale olandese Van Hoeydonck la cui opera fu letteralmente portata sulla Luna e l\u00ec lasciata dalla missione Apollo 12. Presenti anche alcune immagini della Nasa e oggetti di design degli anni \u201960 di autori come Vico Magistretti, Achille Castiglioni, Piero Fornasetti.<br \/>\nGiunti al 1969 la mostra arresta il proprio viaggio con una scultura di Fausto Melotti perch\u00e9, arrivato sulla Luna, l\u2019uomo \u00e8 atteso da altri spazi, da nuove avventure.<\/p>\n<div class=\"page\" title=\"Page 1\">\n<div class=\"section\">\n<div class=\"layoutArea\">\n<div class=\"column\">\n<div class=\"page\" title=\"Page 2\">\n<div class=\"section\">\n<div class=\"layoutArea\">\n<div class=\"column\">\n<p>Le opere esposte provengono, oltre che da musei torinesi: GAM \u2013 Galleria Civica d\u2019Arte Moderna e Contemporanea, Fondazione Accorsi-Ometto, Pinacoteca Albertina e Museo Nazionale del Risorgimento, da importanti musei, istituzioni e collezioni private italiane ed europee, tra i quali Palazzo Reale di Napoli, Museo Correr di Venezia, Certosa di San Giacomo di Capri, Mart di Trento e Rovereto, Collezione Intesa SanPaolo, Fondazione Marconi e Fondazione Arnaldo Pomodoro di Milano, Fondazione Barilla di Parma, Archivio Gastone Novelli di Roma.<br \/>\nMazzoleni \u00e8 lieta di comunicare che un&#8217;opera di Fontana proveniente dalla propria collezione sar\u00e0 presente in mostra.<\/p>\n<p><a href=\"https:\/\/www.palazzomadamatorino.it\/it\/eventi-e-mostre\/mostra-dalla-terra-alla-luna-l\u2019arte-viaggio-verso-l\u2019astro-d\u2019argento\" target=\"_blank\" rel=\"noopener\">Dalla Terra alla Luna<\/a><br \/>\n19 luglio &#8211; 11 novembre 2019<br \/>\nPalazzo Madama, Corte Medievale, Torino<br \/>\nMer\/lun, ore 10-18<\/p>\n<h6>Immagine in copertina: Marc Chagall, <em>Dans mon pays<\/em>, 1943, dettaglio<\/h6>\n<\/div>\n<\/div>\n<\/div>\n<\/div>\n<\/div>\n<\/div>\n<\/div>\n<\/div>\n<\/div>\n<\/div>\n<\/div>\n<\/div>\n","protected":false},"excerpt":{"rendered":"<p>A cinquant\u2019anni esatti dallo sbarco del primo uomo sulla Luna, Palazzo Madama presenta dal 19 luglio all\u201911 novembre la mostra Dalla Terra alla Luna, a cura di Luca Beatrice e Marco Bazzini, realizzata in collaborazione tra Palazzo Madama &#8211; Museo Civicod\u2019Arte Antica e GAM &#8211; Galleria Civica d\u2019Arte Moderna e Contemporanea di Torino, con il [&hellip;]<\/p>\n","protected":false},"author":1,"featured_media":0,"comment_status":"open","ping_status":"closed","sticky":false,"template":"","format":"standard","meta":{"_acf_changed":false,"footnotes":""},"categories":[157,1],"tags":[],"class_list":["post-6006","post","type-post","status-publish","format-standard","hentry","category-news-it","category-uncategorized"],"acf":[],"aioseo_notices":[],"_links":{"self":[{"href":"https:\/\/mazzoleniart.com\/it\/wp-json\/wp\/v2\/posts\/6006","targetHints":{"allow":["GET"]}}],"collection":[{"href":"https:\/\/mazzoleniart.com\/it\/wp-json\/wp\/v2\/posts"}],"about":[{"href":"https:\/\/mazzoleniart.com\/it\/wp-json\/wp\/v2\/types\/post"}],"author":[{"embeddable":true,"href":"https:\/\/mazzoleniart.com\/it\/wp-json\/wp\/v2\/users\/1"}],"replies":[{"embeddable":true,"href":"https:\/\/mazzoleniart.com\/it\/wp-json\/wp\/v2\/comments?post=6006"}],"version-history":[{"count":1,"href":"https:\/\/mazzoleniart.com\/it\/wp-json\/wp\/v2\/posts\/6006\/revisions"}],"predecessor-version":[{"id":15228,"href":"https:\/\/mazzoleniart.com\/it\/wp-json\/wp\/v2\/posts\/6006\/revisions\/15228"}],"wp:attachment":[{"href":"https:\/\/mazzoleniart.com\/it\/wp-json\/wp\/v2\/media?parent=6006"}],"wp:term":[{"taxonomy":"category","embeddable":true,"href":"https:\/\/mazzoleniart.com\/it\/wp-json\/wp\/v2\/categories?post=6006"},{"taxonomy":"post_tag","embeddable":true,"href":"https:\/\/mazzoleniart.com\/it\/wp-json\/wp\/v2\/tags?post=6006"}],"curies":[{"name":"wp","href":"https:\/\/api.w.org\/{rel}","templated":true}]}}