{"id":21165,"date":"2025-05-17T11:00:37","date_gmt":"2025-05-17T09:00:37","guid":{"rendered":"https:\/\/mazzoleniart.com\/?p=21165"},"modified":"2025-08-29T17:14:56","modified_gmt":"2025-08-29T15:14:56","slug":"nuova-galleria-a-milano","status":"publish","type":"post","link":"https:\/\/mazzoleniart.com\/it\/nuova-galleria-a-milano\/","title":{"rendered":"NUOVA GALLERIA A MILANO"},"content":{"rendered":"<p>Mazzoleni \u00e8 felice di <b>annunciare l\u2019apertura di un nuovo spazio a Milano<\/b>, che si aggiunge alla sede storica di Torino e a quella londinese in Mayfair. Situata\u00a0<b>in via Senato 20<\/b>, in una delle zone culturalmente pi\u00f9 vivaci ed eleganti della citt\u00e0, la galleria verr\u00e0 <b>ufficialmente inaugurata in autunno.<br \/>\n<\/b><\/p>\n<p>Durante l\u2019estate sar\u00e0 visitabile su appuntamento con un allestimento che racconta la storia pi\u00f9 recente della galleria, un percorso costruito attraverso le pubblicazioni e le mostre che hanno segnato l\u2019ultimo decennio di Mazzoleni, con un focus sulle ricerche storico-artistiche che ne hanno sostenuto l\u2019attivit\u00e0 culturale a livello internazionale.<\/p>\n<p>Mazzoleni, Via Senato 20, 20121, Milano<br \/>\n<u>Email<\/u><br \/>\nOrari: su appuntamento.<\/p>\n","protected":false},"excerpt":{"rendered":"<p>Mazzoleni \u00e8 felice di annunciare l\u2019apertura di un nuovo spazio a Milano, che si aggiunge alla sede storica di Torino e a quella londinese in Mayfair. Situata\u00a0in via Senato 20, in una delle zone culturalmente pi\u00f9 vivaci ed eleganti della citt\u00e0, la galleria verr\u00e0 ufficialmente inaugurata in autunno. Durante l\u2019estate sar\u00e0 visitabile su appuntamento con [&hellip;]<\/p>\n","protected":false},"author":6,"featured_media":0,"comment_status":"closed","ping_status":"closed","sticky":false,"template":"","format":"standard","meta":{"_acf_changed":false,"footnotes":""},"categories":[157],"tags":[],"class_list":["post-21165","post","type-post","status-publish","format-standard","hentry","category-news-it"],"acf":[],"aioseo_notices":[],"_links":{"self":[{"href":"https:\/\/mazzoleniart.com\/it\/wp-json\/wp\/v2\/posts\/21165","targetHints":{"allow":["GET"]}}],"collection":[{"href":"https:\/\/mazzoleniart.com\/it\/wp-json\/wp\/v2\/posts"}],"about":[{"href":"https:\/\/mazzoleniart.com\/it\/wp-json\/wp\/v2\/types\/post"}],"author":[{"embeddable":true,"href":"https:\/\/mazzoleniart.com\/it\/wp-json\/wp\/v2\/users\/6"}],"replies":[{"embeddable":true,"href":"https:\/\/mazzoleniart.com\/it\/wp-json\/wp\/v2\/comments?post=21165"}],"version-history":[{"count":11,"href":"https:\/\/mazzoleniart.com\/it\/wp-json\/wp\/v2\/posts\/21165\/revisions"}],"predecessor-version":[{"id":21640,"href":"https:\/\/mazzoleniart.com\/it\/wp-json\/wp\/v2\/posts\/21165\/revisions\/21640"}],"wp:attachment":[{"href":"https:\/\/mazzoleniart.com\/it\/wp-json\/wp\/v2\/media?parent=21165"}],"wp:term":[{"taxonomy":"category","embeddable":true,"href":"https:\/\/mazzoleniart.com\/it\/wp-json\/wp\/v2\/categories?post=21165"},{"taxonomy":"post_tag","embeddable":true,"href":"https:\/\/mazzoleniart.com\/it\/wp-json\/wp\/v2\/tags?post=21165"}],"curies":[{"name":"wp","href":"https:\/\/api.w.org\/{rel}","templated":true}]}}