{"id":12747,"date":"2022-12-12T11:39:40","date_gmt":"2022-12-12T11:39:40","guid":{"rendered":"https:\/\/mazzoleniart.com\/?p=12747"},"modified":"2023-10-28T12:30:48","modified_gmt":"2023-10-28T10:30:48","slug":"forum-climate-change-and-heritage","status":"publish","type":"post","link":"https:\/\/mazzoleniart.com\/it\/forum-climate-change-and-heritage\/","title":{"rendered":"Forum  Climate change and heritage"},"content":{"rendered":"<p style=\"font-weight: 400;\"><strong>Andrea Francolino<\/strong> sar\u00e0 tra i relatori del convegno <em>Climate change and heritage<\/em> si inserisce nella pi\u00f9 ampia iniziativa del progetto promosso dal Comune di Firenze: \u201c<strong>GREEN- LINE. Less light, more lightness<\/strong>\u201d sotto la direzione artistica di Sergio Risaliti, che si svolger\u00e0 dal 7 dicembre 2022 all\u20198 gennaio 2023 in tutto il centro storico e nei quartieri periferici cittadini.<\/p>\n<p style=\"font-weight: 400;\">Il festival fiorentino che negli ultimi anni ha caratterizzato Firenze durante il periodo natalizio, con videoproiezioni, installazioni e laboratori dedicati al mondo della luce, cambia nome da F-LIGHT a\u00a0Green Line\u00a0e lancia la campagna\u00a0Less light more lightness,\u201cMeno luce pi\u00f9 leggerezza\u201d. Meno luce pi\u00f9 luminosit\u00e0, meno spreco pi\u00f9 fantasia, meno spreco di risorse e di energia, pi\u00f9 leggerezza e sostenibilit\u00e0, pi\u00f9 luminosit\u00e0 e splendore.\u00a0 Cambiamenti climatici e crisi energetica, ci obbligano a riconsiderare i paradigmi, i modelli e gli strumenti a nostra disposizione per affrontare conservazione e tutela nonch\u00e9 valorizzazione del patrimonio artistico e del paesaggio nel contesto mutato, con intuizioni e sensibilit\u00e0 nuove. Di questo principalmente si tratter\u00e0 nel corso della giornata a cui sono stati inviatati a partecipare esperti restauratori, climatologici, architetti, direttori di istituzioni museali, sovrintendenze e amministratori. Il Forum affronter\u00e0 tematiche di cogente attualit\u00e0 come l\u2019influenza dei cambiamenti climatici sulla conservazione e sulla tutela del patrimonio culturale, questioni urgenti come il riscaldamento globale e la cura del patrimonio paesaggistico e non ultima la questione della crisi energetica e l\u2019enorme influenza che questa ha sulla vita dei musei.<\/p>\n<p style=\"font-weight: 400;\"><a href=\"https:\/\/www.greenlinefirenze.it\/eventi\/climate-change-and-heritage\/\"><strong>Programma\u00a0<\/strong><\/a><\/p>\n","protected":false},"excerpt":{"rendered":"<p>Andrea Francolino sar\u00e0 tra i relatori del convegno Climate change and heritage si inserisce nella pi\u00f9 ampia iniziativa del progetto promosso dal Comune di Firenze: \u201cGREEN- LINE. Less light, more lightness\u201d sotto la direzione artistica di Sergio Risaliti, che si svolger\u00e0 dal 7 dicembre 2022 all\u20198 gennaio 2023 in tutto il centro storico e nei [&hellip;]<\/p>\n","protected":false},"author":3,"featured_media":0,"comment_status":"closed","ping_status":"closed","sticky":false,"template":"","format":"standard","meta":{"_acf_changed":false,"footnotes":""},"categories":[157,1],"tags":[],"class_list":["post-12747","post","type-post","status-publish","format-standard","hentry","category-news-it","category-uncategorized"],"acf":[],"aioseo_notices":[],"_links":{"self":[{"href":"https:\/\/mazzoleniart.com\/it\/wp-json\/wp\/v2\/posts\/12747","targetHints":{"allow":["GET"]}}],"collection":[{"href":"https:\/\/mazzoleniart.com\/it\/wp-json\/wp\/v2\/posts"}],"about":[{"href":"https:\/\/mazzoleniart.com\/it\/wp-json\/wp\/v2\/types\/post"}],"author":[{"embeddable":true,"href":"https:\/\/mazzoleniart.com\/it\/wp-json\/wp\/v2\/users\/3"}],"replies":[{"embeddable":true,"href":"https:\/\/mazzoleniart.com\/it\/wp-json\/wp\/v2\/comments?post=12747"}],"version-history":[{"count":3,"href":"https:\/\/mazzoleniart.com\/it\/wp-json\/wp\/v2\/posts\/12747\/revisions"}],"predecessor-version":[{"id":17174,"href":"https:\/\/mazzoleniart.com\/it\/wp-json\/wp\/v2\/posts\/12747\/revisions\/17174"}],"wp:attachment":[{"href":"https:\/\/mazzoleniart.com\/it\/wp-json\/wp\/v2\/media?parent=12747"}],"wp:term":[{"taxonomy":"category","embeddable":true,"href":"https:\/\/mazzoleniart.com\/it\/wp-json\/wp\/v2\/categories?post=12747"},{"taxonomy":"post_tag","embeddable":true,"href":"https:\/\/mazzoleniart.com\/it\/wp-json\/wp\/v2\/tags?post=12747"}],"curies":[{"name":"wp","href":"https:\/\/api.w.org\/{rel}","templated":true}]}}